{"id":1531,"date":"2026-02-24T16:09:40","date_gmt":"2026-02-24T15:09:40","guid":{"rendered":"https:\/\/groupehenrigermain.fr\/lca\/?p=1531"},"modified":"2026-03-27T10:44:24","modified_gmt":"2026-03-27T09:44:24","slug":"charpente-ouvrages-chene-massif","status":"publish","type":"post","link":"https:\/\/groupehenrigermain.fr\/lca\/charpente-ouvrages-chene-massif\/","title":{"rendered":"Charpente en ch\u00eane et ouvrages en bois massif"},"content":{"rendered":"\n<p>Chez <strong><a href=\"https:\/\/groupehenrigermain.fr\/lca\/\">Les Charpentiers d\u2019Aujourd\u2019hui<\/a><\/strong>, le travail du <strong>ch\u00eane massif<\/strong> occupe une place essentielle dans notre m\u00e9tier de charpentier.<\/p>\n\n\n\n<p>Mat\u00e9riau noble par excellence, le ch\u00eane est utilis\u00e9 depuis des si\u00e8cles dans la construction de <strong>charpentes traditionnelles<\/strong>, d\u2019ouvrages ext\u00e9rieurs et de structures patrimoniales. Sa densit\u00e9, sa r\u00e9sistance m\u00e9canique et sa long\u00e9vit\u00e9 en font un bois de r\u00e9f\u00e9rence pour des r\u00e9alisations destin\u00e9es \u00e0 traverser le temps.<\/p>\n\n\n\n<h2 class=\"wp-block-heading\"><strong>Pourquoi choisir le ch\u00eane pour une charpente ou un ouvrage bois ?<\/strong><\/h2>\n\n\n\n<p>Le ch\u00eane pr\u00e9sente des qualit\u00e9s techniques exceptionnelles :<\/p>\n\n\n\n<ul class=\"wp-block-list\">\n<li>\ud83c\udf33 <strong>Grande r\u00e9sistance structurelle<\/strong><\/li>\n\n\n\n<li>\ud83e\udeb5 <strong>Durabilit\u00e9 naturelle \u00e9lev\u00e9e<\/strong><\/li>\n\n\n\n<li>\ud83d\udca7 Bonne tenue face aux variations climatiques<\/li>\n\n\n\n<li>\u23f3 Long\u00e9vit\u00e9 reconnue sur plusieurs g\u00e9n\u00e9rations<\/li>\n<\/ul>\n\n\n\n<p>Il est particuli\u00e8rement adapt\u00e9 aux :<\/p>\n\n\n\n<ul class=\"wp-block-list\">\n<li>Charpentes apparentes<\/li>\n\n\n\n<li>Ouvrages ext\u00e9rieurs (kiosques, auvents, abris)<\/li>\n\n\n\n<li>B\u00e2timents patrimoniaux<\/li>\n\n\n\n<li>Projets n\u00e9cessitant une forte identit\u00e9 architecturale<\/li>\n<\/ul>\n\n\n\n<p>Son veinage marqu\u00e9 et sa teinte chaleureuse apportent \u00e9galement une esth\u00e9tique authentique et intemporelle.<\/p>\n\n\n\n<h2 class=\"wp-block-heading\"><strong>Un exemple de r\u00e9alisation : kiosque en ch\u00eane taill\u00e9 \u00e0 la main<\/strong><\/h2>\n\n\n\n<p>Parmi nos r\u00e9alisations, ce <strong>kiosque en ch\u00eane massif taill\u00e9 \u00e0 la main<\/strong> illustre parfaitement notre approche artisanale.<\/p>\n\n\n\n<p>Chaque pi\u00e8ce a \u00e9t\u00e9 :<\/p>\n\n\n\n<ul class=\"wp-block-list\">\n<li>Taill\u00e9e manuellement en atelier<\/li>\n\n\n\n<li>Ajust\u00e9e avec pr\u00e9cision<\/li>\n\n\n\n<li>Assembl\u00e9e selon des techniques traditionnelles<\/li>\n<\/ul>\n\n\n\n<p>Les assemblages bois, tels que <strong>tenons-mortaises, embr\u00e8vements et chevilles bois<\/strong>, garantissent solidit\u00e9 et stabilit\u00e9 sans d\u00e9pendre exclusivement de fixations m\u00e9talliques.<\/p>\n\n\n\n<p>La taille manuelle permet un ajustage fin, adapt\u00e9 \u00e0 chaque pi\u00e8ce de bois, respectant la mati\u00e8re et ses particularit\u00e9s naturelles.<\/p>\n\n\n\n<figure class=\"wp-block-gallery has-nested-images columns-default is-cropped wp-block-gallery-1 is-layout-flex wp-block-gallery-is-layout-flex\">\n<figure class=\"wp-block-image size-large\"><img fetchpriority=\"high\" decoding=\"async\" width=\"800\" height=\"600\" data-id=\"1542\" src=\"https:\/\/groupehenrigermain.fr\/lca\/wp-content\/uploads\/sites\/2\/2026\/02\/groupe_henri_germain-kiosque-chene1.jpg\" alt=\"\" class=\"wp-image-1542\" srcset=\"https:\/\/groupehenrigermain.fr\/lca\/wp-content\/uploads\/sites\/2\/2026\/02\/groupe_henri_germain-kiosque-chene1.jpg 800w, https:\/\/groupehenrigermain.fr\/lca\/wp-content\/uploads\/sites\/2\/2026\/02\/groupe_henri_germain-kiosque-chene1-300x225.jpg 300w, https:\/\/groupehenrigermain.fr\/lca\/wp-content\/uploads\/sites\/2\/2026\/02\/groupe_henri_germain-kiosque-chene1-768x576.jpg 768w\" sizes=\"(max-width: 800px) 100vw, 800px\" \/><\/figure>\n\n\n\n<figure class=\"wp-block-image size-large\"><img decoding=\"async\" width=\"800\" height=\"600\" data-id=\"1541\" src=\"https:\/\/groupehenrigermain.fr\/lca\/wp-content\/uploads\/sites\/2\/2026\/02\/groupe_henri_germain-kiosque-chene.jpg\" alt=\"\" class=\"wp-image-1541\" srcset=\"https:\/\/groupehenrigermain.fr\/lca\/wp-content\/uploads\/sites\/2\/2026\/02\/groupe_henri_germain-kiosque-chene.jpg 800w, https:\/\/groupehenrigermain.fr\/lca\/wp-content\/uploads\/sites\/2\/2026\/02\/groupe_henri_germain-kiosque-chene-300x225.jpg 300w, https:\/\/groupehenrigermain.fr\/lca\/wp-content\/uploads\/sites\/2\/2026\/02\/groupe_henri_germain-kiosque-chene-768x576.jpg 768w\" sizes=\"(max-width: 800px) 100vw, 800px\" \/><\/figure>\n<\/figure>\n\n\n\n<h2 class=\"wp-block-heading\"><strong>La ma\u00eetrise des assemblages traditionnels<\/strong><\/h2>\n\n\n\n<p>La charpente en ch\u00eane demande une parfaite connaissance des techniques anciennes.<\/p>\n\n\n\n<p>Nos \u00e9quipes mettent en \u0153uvre :<\/p>\n\n\n\n<ul class=\"wp-block-list\">\n<li>Des assemblages traditionnels<\/li>\n\n\n\n<li>Une taille pr\u00e9cise des sections<\/li>\n\n\n\n<li>Un contr\u00f4le rigoureux des port\u00e9es et charges<\/li>\n\n\n\n<li>Une anticipation des mouvements naturels du bois<\/li>\n<\/ul>\n\n\n\n<p>Le ch\u00eane est un mat\u00e9riau vivant : il travaille, \u00e9volue, se patine.<\/p>\n\n\n\n<p>Sa mise en \u0153uvre n\u00e9cessite donc exp\u00e9rience, pr\u00e9cision et respect des r\u00e8gles de l\u2019art.<\/p>\n\n\n\n<h2 class=\"wp-block-heading\"><strong>Un mat\u00e9riau durable pour des ouvrages p\u00e9rennes<\/strong><\/h2>\n\n\n\n<p>Choisir une <strong>charpente en ch\u00eane<\/strong> ou un ouvrage en bois massif, c\u2019est faire le choix :<\/p>\n\n\n\n<ul class=\"wp-block-list\">\n<li>D\u2019une structure durable<\/li>\n\n\n\n<li>D\u2019un impact environnemental ma\u00eetris\u00e9<\/li>\n\n\n\n<li>D\u2019une esth\u00e9tique authentique<\/li>\n\n\n\n<li>D\u2019un patrimoine transmissible<\/li>\n<\/ul>\n\n\n\n<p>Dans un contexte o\u00f9 la construction durable devient une priorit\u00e9, le ch\u00eane s\u2019impose comme une solution responsable et performante.<\/p>\n\n\n\n<h2 class=\"wp-block-heading\"><strong>Les Charpentiers d\u2019Aujourd\u2019hui : expertise en charpente traditionnelle<\/strong><\/h2>\n\n\n\n<p>Notre entreprise intervient sur :<\/p>\n\n\n\n<ul class=\"wp-block-list\">\n<li>Charpentes en ch\u00eane massif<\/li>\n\n\n\n<li>Ouvrages bois sur mesure<\/li>\n\n\n\n<li>Kiosques et structures ext\u00e9rieures<\/li>\n\n\n\n<li>Projets patrimoniaux et contemporains<\/li>\n<\/ul>\n\n\n\n<p>Chaque projet est con\u00e7u avec la m\u00eame exigence : allier <strong>technicit\u00e9, tradition et durabilit\u00e9<\/strong>.<\/p>\n\n\n\n<p>Travailler le ch\u00eane, c\u2019est perp\u00e9tuer un savoir-faire exigeant et donner naissance \u00e0 des ouvrages con\u00e7us pour durer.<\/p>\n","protected":false},"excerpt":{"rendered":"<p>Chez Les Charpentiers d\u2019Aujourd\u2019hui, le travail du ch\u00eane massif occupe une place essentielle dans notre m\u00e9tier de charpentier. Mat\u00e9riau noble par excellence, le ch\u00eane est utilis\u00e9 depuis des si\u00e8cles dans la construction de charpentes traditionnelles, d\u2019ouvrages ext\u00e9rieurs et de structures patrimoniales. Sa densit\u00e9, sa r\u00e9sistance m\u00e9canique et sa long\u00e9vit\u00e9 en font un bois de r\u00e9f\u00e9rence [&hellip;]<\/p>\n","protected":false},"author":4,"featured_media":1542,"comment_status":"open","ping_status":"open","sticky":false,"template":"","format":"standard","meta":{"footnotes":""},"categories":[27],"tags":[],"class_list":["post-1531","post","type-post","status-publish","format-standard","has-post-thumbnail","hentry","category-realisations"],"yoast_head":"<!-- This site is optimized with the Yoast SEO plugin v27.5 - https:\/\/yoast.com\/product\/yoast-seo-wordpress\/ -->\n<title>Charpente en ch\u00eane et ouvrages en ch\u00eane massif<\/title>\n<meta name=\"description\" content=\"Chez Les Charpentiers d\u2019Aujourd\u2019hui, le travail du ch\u00eane massif occupe une place essentielle dans notre m\u00e9tier de charpentier.\" \/>\n<meta name=\"robots\" content=\"index, follow, max-snippet:-1, max-image-preview:large, max-video-preview:-1\" \/>\n<link rel=\"canonical\" href=\"https:\/\/groupehenrigermain.fr\/lca\/charpente-ouvrages-chene-massif\/\" \/>\n<meta property=\"og:locale\" content=\"fr_FR\" \/>\n<meta property=\"og:type\" content=\"article\" \/>\n<meta property=\"og:title\" content=\"Charpente en ch\u00eane et ouvrages en ch\u00eane massif\" \/>\n<meta property=\"og:description\" content=\"Chez Les Charpentiers d\u2019Aujourd\u2019hui, le travail du ch\u00eane massif occupe une place essentielle dans notre m\u00e9tier de charpentier.\" \/>\n<meta property=\"og:url\" content=\"https:\/\/groupehenrigermain.fr\/lca\/charpente-ouvrages-chene-massif\/\" \/>\n<meta property=\"og:site_name\" content=\"Les Charpentiers d&#039;Aujourd&#039;hui\" \/>\n<meta property=\"article:published_time\" content=\"2026-02-24T15:09:40+00:00\" \/>\n<meta property=\"article:modified_time\" content=\"2026-03-27T09:44:24+00:00\" \/>\n<meta property=\"og:image\" content=\"https:\/\/groupehenrigermain.fr\/lca\/wp-content\/uploads\/sites\/2\/2026\/02\/groupe_henri_germain-kiosque-chene1.jpg\" \/>\n\t<meta property=\"og:image:width\" content=\"800\" \/>\n\t<meta property=\"og:image:height\" content=\"600\" \/>\n\t<meta property=\"og:image:type\" content=\"image\/jpeg\" \/>\n<meta name=\"author\" content=\"marinespi\" \/>\n<meta name=\"twitter:card\" content=\"summary_large_image\" \/>\n<meta name=\"twitter:label1\" content=\"\u00c9crit par\" \/>\n\t<meta name=\"twitter:data1\" content=\"marinespi\" \/>\n\t<meta name=\"twitter:label2\" content=\"Dur\u00e9e de lecture estim\u00e9e\" \/>\n\t<meta name=\"twitter:data2\" content=\"3 minutes\" \/>\n<script type=\"application\/ld+json\" class=\"yoast-schema-graph\">{\"@context\":\"https:\\\/\\\/schema.org\",\"@graph\":[{\"@type\":\"Article\",\"@id\":\"https:\\\/\\\/groupehenrigermain.fr\\\/lca\\\/charpente-ouvrages-chene-massif\\\/#article\",\"isPartOf\":{\"@id\":\"https:\\\/\\\/groupehenrigermain.fr\\\/lca\\\/charpente-ouvrages-chene-massif\\\/\"},\"author\":{\"name\":\"marinespi\",\"@id\":\"https:\\\/\\\/groupehenrigermain.fr\\\/lca\\\/#\\\/schema\\\/person\\\/61ab3e56100d87f0e884efda57655ed9\"},\"headline\":\"Charpente en ch\u00eane et ouvrages en bois massif\",\"datePublished\":\"2026-02-24T15:09:40+00:00\",\"dateModified\":\"2026-03-27T09:44:24+00:00\",\"mainEntityOfPage\":{\"@id\":\"https:\\\/\\\/groupehenrigermain.fr\\\/lca\\\/charpente-ouvrages-chene-massif\\\/\"},\"wordCount\":478,\"commentCount\":0,\"publisher\":{\"@id\":\"https:\\\/\\\/groupehenrigermain.fr\\\/lca\\\/#organization\"},\"image\":{\"@id\":\"https:\\\/\\\/groupehenrigermain.fr\\\/lca\\\/charpente-ouvrages-chene-massif\\\/#primaryimage\"},\"thumbnailUrl\":\"https:\\\/\\\/groupehenrigermain.fr\\\/lca\\\/wp-content\\\/uploads\\\/sites\\\/2\\\/2026\\\/02\\\/groupe_henri_germain-kiosque-chene1.jpg\",\"articleSection\":[\"R\u00e9alisations\"],\"inLanguage\":\"fr-FR\",\"potentialAction\":[{\"@type\":\"CommentAction\",\"name\":\"Comment\",\"target\":[\"https:\\\/\\\/groupehenrigermain.fr\\\/lca\\\/charpente-ouvrages-chene-massif\\\/#respond\"]}]},{\"@type\":\"WebPage\",\"@id\":\"https:\\\/\\\/groupehenrigermain.fr\\\/lca\\\/charpente-ouvrages-chene-massif\\\/\",\"url\":\"https:\\\/\\\/groupehenrigermain.fr\\\/lca\\\/charpente-ouvrages-chene-massif\\\/\",\"name\":\"Charpente en ch\u00eane et ouvrages en ch\u00eane massif\",\"isPartOf\":{\"@id\":\"https:\\\/\\\/groupehenrigermain.fr\\\/lca\\\/#website\"},\"primaryImageOfPage\":{\"@id\":\"https:\\\/\\\/groupehenrigermain.fr\\\/lca\\\/charpente-ouvrages-chene-massif\\\/#primaryimage\"},\"image\":{\"@id\":\"https:\\\/\\\/groupehenrigermain.fr\\\/lca\\\/charpente-ouvrages-chene-massif\\\/#primaryimage\"},\"thumbnailUrl\":\"https:\\\/\\\/groupehenrigermain.fr\\\/lca\\\/wp-content\\\/uploads\\\/sites\\\/2\\\/2026\\\/02\\\/groupe_henri_germain-kiosque-chene1.jpg\",\"datePublished\":\"2026-02-24T15:09:40+00:00\",\"dateModified\":\"2026-03-27T09:44:24+00:00\",\"description\":\"Chez Les Charpentiers d\u2019Aujourd\u2019hui, le travail du ch\u00eane massif occupe une place essentielle dans notre m\u00e9tier de charpentier.\",\"breadcrumb\":{\"@id\":\"https:\\\/\\\/groupehenrigermain.fr\\\/lca\\\/charpente-ouvrages-chene-massif\\\/#breadcrumb\"},\"inLanguage\":\"fr-FR\",\"potentialAction\":[{\"@type\":\"ReadAction\",\"target\":[\"https:\\\/\\\/groupehenrigermain.fr\\\/lca\\\/charpente-ouvrages-chene-massif\\\/\"]}]},{\"@type\":\"ImageObject\",\"inLanguage\":\"fr-FR\",\"@id\":\"https:\\\/\\\/groupehenrigermain.fr\\\/lca\\\/charpente-ouvrages-chene-massif\\\/#primaryimage\",\"url\":\"https:\\\/\\\/groupehenrigermain.fr\\\/lca\\\/wp-content\\\/uploads\\\/sites\\\/2\\\/2026\\\/02\\\/groupe_henri_germain-kiosque-chene1.jpg\",\"contentUrl\":\"https:\\\/\\\/groupehenrigermain.fr\\\/lca\\\/wp-content\\\/uploads\\\/sites\\\/2\\\/2026\\\/02\\\/groupe_henri_germain-kiosque-chene1.jpg\",\"width\":800,\"height\":600},{\"@type\":\"BreadcrumbList\",\"@id\":\"https:\\\/\\\/groupehenrigermain.fr\\\/lca\\\/charpente-ouvrages-chene-massif\\\/#breadcrumb\",\"itemListElement\":[{\"@type\":\"ListItem\",\"position\":1,\"name\":\"Accueil\",\"item\":\"https:\\\/\\\/groupehenrigermain.fr\\\/lca\\\/\"},{\"@type\":\"ListItem\",\"position\":2,\"name\":\"Charpente en ch\u00eane et ouvrages en bois massif\"}]},{\"@type\":\"WebSite\",\"@id\":\"https:\\\/\\\/groupehenrigermain.fr\\\/lca\\\/#website\",\"url\":\"https:\\\/\\\/groupehenrigermain.fr\\\/lca\\\/\",\"name\":\"Les Charpentiers d&#039;Aujourd&#039;hui\",\"description\":\"\",\"publisher\":{\"@id\":\"https:\\\/\\\/groupehenrigermain.fr\\\/lca\\\/#organization\"},\"potentialAction\":[{\"@type\":\"SearchAction\",\"target\":{\"@type\":\"EntryPoint\",\"urlTemplate\":\"https:\\\/\\\/groupehenrigermain.fr\\\/lca\\\/?s={search_term_string}\"},\"query-input\":{\"@type\":\"PropertyValueSpecification\",\"valueRequired\":true,\"valueName\":\"search_term_string\"}}],\"inLanguage\":\"fr-FR\"},{\"@type\":\"Organization\",\"@id\":\"https:\\\/\\\/groupehenrigermain.fr\\\/lca\\\/#organization\",\"name\":\"Les Charpentiers d&#039;Aujourd&#039;hui\",\"url\":\"https:\\\/\\\/groupehenrigermain.fr\\\/lca\\\/\",\"logo\":{\"@type\":\"ImageObject\",\"inLanguage\":\"fr-FR\",\"@id\":\"https:\\\/\\\/groupehenrigermain.fr\\\/lca\\\/#\\\/schema\\\/logo\\\/image\\\/\",\"url\":\"https:\\\/\\\/groupehenrigermain.fr\\\/lca\\\/wp-content\\\/uploads\\\/sites\\\/2\\\/2024\\\/08\\\/Fichier-2.webp\",\"contentUrl\":\"https:\\\/\\\/groupehenrigermain.fr\\\/lca\\\/wp-content\\\/uploads\\\/sites\\\/2\\\/2024\\\/08\\\/Fichier-2.webp\",\"width\":985,\"height\":985,\"caption\":\"Les Charpentiers d&#039;Aujourd&#039;hui\"},\"image\":{\"@id\":\"https:\\\/\\\/groupehenrigermain.fr\\\/lca\\\/#\\\/schema\\\/logo\\\/image\\\/\"}},{\"@type\":\"Person\",\"@id\":\"https:\\\/\\\/groupehenrigermain.fr\\\/lca\\\/#\\\/schema\\\/person\\\/61ab3e56100d87f0e884efda57655ed9\",\"name\":\"marinespi\",\"image\":{\"@type\":\"ImageObject\",\"inLanguage\":\"fr-FR\",\"@id\":\"https:\\\/\\\/secure.gravatar.com\\\/avatar\\\/3827bf27773c4e6e60a5c044dc88ffec810c109527fe739cb694f983cf599b44?s=96&d=mm&r=g\",\"url\":\"https:\\\/\\\/secure.gravatar.com\\\/avatar\\\/3827bf27773c4e6e60a5c044dc88ffec810c109527fe739cb694f983cf599b44?s=96&d=mm&r=g\",\"contentUrl\":\"https:\\\/\\\/secure.gravatar.com\\\/avatar\\\/3827bf27773c4e6e60a5c044dc88ffec810c109527fe739cb694f983cf599b44?s=96&d=mm&r=g\",\"caption\":\"marinespi\"},\"url\":\"https:\\\/\\\/groupehenrigermain.fr\\\/lca\\\/author\\\/marinespi\\\/\"}]}<\/script>\n<!-- \/ Yoast SEO plugin. -->","yoast_head_json":{"title":"Charpente en ch\u00eane et ouvrages en ch\u00eane massif","description":"Chez Les Charpentiers d\u2019Aujourd\u2019hui, le travail du ch\u00eane massif occupe une place essentielle dans notre m\u00e9tier de charpentier.","robots":{"index":"index","follow":"follow","max-snippet":"max-snippet:-1","max-image-preview":"max-image-preview:large","max-video-preview":"max-video-preview:-1"},"canonical":"https:\/\/groupehenrigermain.fr\/lca\/charpente-ouvrages-chene-massif\/","og_locale":"fr_FR","og_type":"article","og_title":"Charpente en ch\u00eane et ouvrages en ch\u00eane massif","og_description":"Chez Les Charpentiers d\u2019Aujourd\u2019hui, le travail du ch\u00eane massif occupe une place essentielle dans notre m\u00e9tier de charpentier.","og_url":"https:\/\/groupehenrigermain.fr\/lca\/charpente-ouvrages-chene-massif\/","og_site_name":"Les Charpentiers d&#039;Aujourd&#039;hui","article_published_time":"2026-02-24T15:09:40+00:00","article_modified_time":"2026-03-27T09:44:24+00:00","og_image":[{"width":800,"height":600,"url":"https:\/\/groupehenrigermain.fr\/lca\/wp-content\/uploads\/sites\/2\/2026\/02\/groupe_henri_germain-kiosque-chene1.jpg","type":"image\/jpeg"}],"author":"marinespi","twitter_card":"summary_large_image","twitter_misc":{"\u00c9crit par":"marinespi","Dur\u00e9e de lecture estim\u00e9e":"3 minutes"},"schema":{"@context":"https:\/\/schema.org","@graph":[{"@type":"Article","@id":"https:\/\/groupehenrigermain.fr\/lca\/charpente-ouvrages-chene-massif\/#article","isPartOf":{"@id":"https:\/\/groupehenrigermain.fr\/lca\/charpente-ouvrages-chene-massif\/"},"author":{"name":"marinespi","@id":"https:\/\/groupehenrigermain.fr\/lca\/#\/schema\/person\/61ab3e56100d87f0e884efda57655ed9"},"headline":"Charpente en ch\u00eane et ouvrages en bois massif","datePublished":"2026-02-24T15:09:40+00:00","dateModified":"2026-03-27T09:44:24+00:00","mainEntityOfPage":{"@id":"https:\/\/groupehenrigermain.fr\/lca\/charpente-ouvrages-chene-massif\/"},"wordCount":478,"commentCount":0,"publisher":{"@id":"https:\/\/groupehenrigermain.fr\/lca\/#organization"},"image":{"@id":"https:\/\/groupehenrigermain.fr\/lca\/charpente-ouvrages-chene-massif\/#primaryimage"},"thumbnailUrl":"https:\/\/groupehenrigermain.fr\/lca\/wp-content\/uploads\/sites\/2\/2026\/02\/groupe_henri_germain-kiosque-chene1.jpg","articleSection":["R\u00e9alisations"],"inLanguage":"fr-FR","potentialAction":[{"@type":"CommentAction","name":"Comment","target":["https:\/\/groupehenrigermain.fr\/lca\/charpente-ouvrages-chene-massif\/#respond"]}]},{"@type":"WebPage","@id":"https:\/\/groupehenrigermain.fr\/lca\/charpente-ouvrages-chene-massif\/","url":"https:\/\/groupehenrigermain.fr\/lca\/charpente-ouvrages-chene-massif\/","name":"Charpente en ch\u00eane et ouvrages en ch\u00eane massif","isPartOf":{"@id":"https:\/\/groupehenrigermain.fr\/lca\/#website"},"primaryImageOfPage":{"@id":"https:\/\/groupehenrigermain.fr\/lca\/charpente-ouvrages-chene-massif\/#primaryimage"},"image":{"@id":"https:\/\/groupehenrigermain.fr\/lca\/charpente-ouvrages-chene-massif\/#primaryimage"},"thumbnailUrl":"https:\/\/groupehenrigermain.fr\/lca\/wp-content\/uploads\/sites\/2\/2026\/02\/groupe_henri_germain-kiosque-chene1.jpg","datePublished":"2026-02-24T15:09:40+00:00","dateModified":"2026-03-27T09:44:24+00:00","description":"Chez Les Charpentiers d\u2019Aujourd\u2019hui, le travail du ch\u00eane massif occupe une place essentielle dans notre m\u00e9tier de charpentier.","breadcrumb":{"@id":"https:\/\/groupehenrigermain.fr\/lca\/charpente-ouvrages-chene-massif\/#breadcrumb"},"inLanguage":"fr-FR","potentialAction":[{"@type":"ReadAction","target":["https:\/\/groupehenrigermain.fr\/lca\/charpente-ouvrages-chene-massif\/"]}]},{"@type":"ImageObject","inLanguage":"fr-FR","@id":"https:\/\/groupehenrigermain.fr\/lca\/charpente-ouvrages-chene-massif\/#primaryimage","url":"https:\/\/groupehenrigermain.fr\/lca\/wp-content\/uploads\/sites\/2\/2026\/02\/groupe_henri_germain-kiosque-chene1.jpg","contentUrl":"https:\/\/groupehenrigermain.fr\/lca\/wp-content\/uploads\/sites\/2\/2026\/02\/groupe_henri_germain-kiosque-chene1.jpg","width":800,"height":600},{"@type":"BreadcrumbList","@id":"https:\/\/groupehenrigermain.fr\/lca\/charpente-ouvrages-chene-massif\/#breadcrumb","itemListElement":[{"@type":"ListItem","position":1,"name":"Accueil","item":"https:\/\/groupehenrigermain.fr\/lca\/"},{"@type":"ListItem","position":2,"name":"Charpente en ch\u00eane et ouvrages en bois massif"}]},{"@type":"WebSite","@id":"https:\/\/groupehenrigermain.fr\/lca\/#website","url":"https:\/\/groupehenrigermain.fr\/lca\/","name":"Les Charpentiers d&#039;Aujourd&#039;hui","description":"","publisher":{"@id":"https:\/\/groupehenrigermain.fr\/lca\/#organization"},"potentialAction":[{"@type":"SearchAction","target":{"@type":"EntryPoint","urlTemplate":"https:\/\/groupehenrigermain.fr\/lca\/?s={search_term_string}"},"query-input":{"@type":"PropertyValueSpecification","valueRequired":true,"valueName":"search_term_string"}}],"inLanguage":"fr-FR"},{"@type":"Organization","@id":"https:\/\/groupehenrigermain.fr\/lca\/#organization","name":"Les Charpentiers d&#039;Aujourd&#039;hui","url":"https:\/\/groupehenrigermain.fr\/lca\/","logo":{"@type":"ImageObject","inLanguage":"fr-FR","@id":"https:\/\/groupehenrigermain.fr\/lca\/#\/schema\/logo\/image\/","url":"https:\/\/groupehenrigermain.fr\/lca\/wp-content\/uploads\/sites\/2\/2024\/08\/Fichier-2.webp","contentUrl":"https:\/\/groupehenrigermain.fr\/lca\/wp-content\/uploads\/sites\/2\/2024\/08\/Fichier-2.webp","width":985,"height":985,"caption":"Les Charpentiers d&#039;Aujourd&#039;hui"},"image":{"@id":"https:\/\/groupehenrigermain.fr\/lca\/#\/schema\/logo\/image\/"}},{"@type":"Person","@id":"https:\/\/groupehenrigermain.fr\/lca\/#\/schema\/person\/61ab3e56100d87f0e884efda57655ed9","name":"marinespi","image":{"@type":"ImageObject","inLanguage":"fr-FR","@id":"https:\/\/secure.gravatar.com\/avatar\/3827bf27773c4e6e60a5c044dc88ffec810c109527fe739cb694f983cf599b44?s=96&d=mm&r=g","url":"https:\/\/secure.gravatar.com\/avatar\/3827bf27773c4e6e60a5c044dc88ffec810c109527fe739cb694f983cf599b44?s=96&d=mm&r=g","contentUrl":"https:\/\/secure.gravatar.com\/avatar\/3827bf27773c4e6e60a5c044dc88ffec810c109527fe739cb694f983cf599b44?s=96&d=mm&r=g","caption":"marinespi"},"url":"https:\/\/groupehenrigermain.fr\/lca\/author\/marinespi\/"}]}},"_links":{"self":[{"href":"https:\/\/groupehenrigermain.fr\/lca\/wp-json\/wp\/v2\/posts\/1531","targetHints":{"allow":["GET"]}}],"collection":[{"href":"https:\/\/groupehenrigermain.fr\/lca\/wp-json\/wp\/v2\/posts"}],"about":[{"href":"https:\/\/groupehenrigermain.fr\/lca\/wp-json\/wp\/v2\/types\/post"}],"author":[{"embeddable":true,"href":"https:\/\/groupehenrigermain.fr\/lca\/wp-json\/wp\/v2\/users\/4"}],"replies":[{"embeddable":true,"href":"https:\/\/groupehenrigermain.fr\/lca\/wp-json\/wp\/v2\/comments?post=1531"}],"version-history":[{"count":2,"href":"https:\/\/groupehenrigermain.fr\/lca\/wp-json\/wp\/v2\/posts\/1531\/revisions"}],"predecessor-version":[{"id":1543,"href":"https:\/\/groupehenrigermain.fr\/lca\/wp-json\/wp\/v2\/posts\/1531\/revisions\/1543"}],"wp:featuredmedia":[{"embeddable":true,"href":"https:\/\/groupehenrigermain.fr\/lca\/wp-json\/wp\/v2\/media\/1542"}],"wp:attachment":[{"href":"https:\/\/groupehenrigermain.fr\/lca\/wp-json\/wp\/v2\/media?parent=1531"}],"wp:term":[{"taxonomy":"category","embeddable":true,"href":"https:\/\/groupehenrigermain.fr\/lca\/wp-json\/wp\/v2\/categories?post=1531"},{"taxonomy":"post_tag","embeddable":true,"href":"https:\/\/groupehenrigermain.fr\/lca\/wp-json\/wp\/v2\/tags?post=1531"}],"curies":[{"name":"wp","href":"https:\/\/api.w.org\/{rel}","templated":true}]}}