{"id":1529,"date":"2026-02-24T16:12:11","date_gmt":"2026-02-24T15:12:11","guid":{"rendered":"https:\/\/groupehenrigermain.fr\/lca\/?p=1529"},"modified":"2026-03-27T10:44:06","modified_gmt":"2026-03-27T09:44:06","slug":"construction-chalet-montagne","status":"publish","type":"post","link":"https:\/\/groupehenrigermain.fr\/lca\/construction-chalet-montagne\/","title":{"rendered":"Construction d\u2019un chalet en montagne \u2013 Les C\u00e9zares"},"content":{"rendered":"\n<p>Les \u00e9quipes des <strong>Charpentiers d\u2019Aujourd\u2019hui<\/strong> ont r\u00e9cemment termin\u00e9 la construction d&rsquo;un chalet en montagne destin\u00e9 \u00e0 l\u2019h\u00e9bergement saisonnier.<\/p>\n\n\n\n<p>Un chantier men\u00e9 au rythme des saisons, de l\u2019hiver \u00e0 l\u2019\u00e9t\u00e9, dans un environnement montagnard exigeant o\u00f9 chaque \u00e9tape doit \u00eatre anticip\u00e9e avec pr\u00e9cision.<\/p>\n\n\n\n<p>Ce projet illustre notre savoir-faire en <strong>construction de chalet en bois<\/strong>, en combinant performance technique, sobri\u00e9t\u00e9 architecturale et int\u00e9gration paysag\u00e8re.<\/p>\n\n\n\n<h2 class=\"wp-block-heading\"><strong>Une charpente bois alliant performance et tradition<\/strong><\/h2>\n\n\n\n<p>Le c\u0153ur du projet repose sur une <strong>charpente en lamell\u00e9-coll\u00e9 \u00e9pic\u00e9a<\/strong>, associ\u00e9e \u00e0 un chevronnage en bois massif \u00e9pic\u00e9a.<\/p>\n\n\n\n<p>Le choix du lamell\u00e9-coll\u00e9 permet :<\/p>\n\n\n\n<ul class=\"wp-block-list\">\n<li>Une excellente stabilit\u00e9 structurelle<\/li>\n\n\n\n<li>De grandes port\u00e9es ma\u00eetris\u00e9es<\/li>\n\n\n\n<li>Une performance adapt\u00e9e aux contraintes climatiques de montagne<\/li>\n<\/ul>\n\n\n\n<p>Le bois massif vient compl\u00e9ter l\u2019ouvrage avec une approche plus traditionnelle, en coh\u00e9rence avec l\u2019esth\u00e9tique du chalet.<\/p>\n\n\n\n<figure class=\"wp-block-image size-full\"><img fetchpriority=\"high\" decoding=\"async\" width=\"800\" height=\"599\" src=\"https:\/\/groupehenrigermain.fr\/lca\/wp-content\/uploads\/sites\/2\/2026\/02\/groupe_henri_germain-cezare.jpg\" alt=\"\" class=\"wp-image-1540\" srcset=\"https:\/\/groupehenrigermain.fr\/lca\/wp-content\/uploads\/sites\/2\/2026\/02\/groupe_henri_germain-cezare.jpg 800w, https:\/\/groupehenrigermain.fr\/lca\/wp-content\/uploads\/sites\/2\/2026\/02\/groupe_henri_germain-cezare-300x225.jpg 300w, https:\/\/groupehenrigermain.fr\/lca\/wp-content\/uploads\/sites\/2\/2026\/02\/groupe_henri_germain-cezare-768x575.jpg 768w\" sizes=\"(max-width: 800px) 100vw, 800px\" \/><figcaption class=\"wp-element-caption\">default<\/figcaption><\/figure>\n\n\n\n<h2 class=\"wp-block-heading\"><strong>Isolation ext\u00e9rieure en laine de roche<\/strong><\/h2>\n\n\n\n<p>Le chalet b\u00e9n\u00e9ficie d\u2019une <strong>isolation par l\u2019ext\u00e9rieur en laine de roche<\/strong>, solution particuli\u00e8rement adapt\u00e9e aux constructions en zone montagneuse.<\/p>\n\n\n\n<p>Ce syst\u00e8me offre :<\/p>\n\n\n\n<ul class=\"wp-block-list\">\n<li>Une excellente performance thermique hiver comme \u00e9t\u00e9<\/li>\n\n\n\n<li>Une bonne r\u00e9sistance au feu<\/li>\n\n\n\n<li>Un confort int\u00e9rieur durable<\/li>\n<\/ul>\n\n\n\n<p>L\u2019isolation ext\u00e9rieure permet \u00e9galement de pr\u00e9server l\u2019inertie et la continuit\u00e9 thermique de l\u2019enveloppe bois.<\/p>\n\n\n\n<h2 class=\"wp-block-heading\"><strong>Bardage en m\u00e9l\u00e8ze \u00e9tuv\u00e9 : durabilit\u00e9 et esth\u00e9tique<\/strong><\/h2>\n\n\n\n<p>Le choix du <strong>bardage en m\u00e9l\u00e8ze \u00e9tuv\u00e9<\/strong> r\u00e9pond \u00e0 une double exigence :<\/p>\n\n\n\n<ul class=\"wp-block-list\">\n<li>R\u00e9sistance naturelle aux intemp\u00e9ries<\/li>\n\n\n\n<li>Int\u00e9gration harmonieuse dans le paysage montagnard<\/li>\n<\/ul>\n\n\n\n<p>Le m\u00e9l\u00e8ze, essence reconnue en construction bois en altitude, \u00e9voluera avec le temps en prenant une teinte gris\u00e9e naturelle, renfor\u00e7ant encore son int\u00e9gration environnementale.<\/p>\n\n\n\n<p>Les balcons et garde-corps ont \u00e9galement \u00e9t\u00e9 r\u00e9alis\u00e9s en m\u00e9l\u00e8ze, dans une continuit\u00e9 esth\u00e9tique et technique.<\/p>\n\n\n\n<h2 class=\"wp-block-heading\"><strong>Une construction volontairement sobre<\/strong><\/h2>\n\n\n\n<p>Ce chalet a \u00e9t\u00e9 con\u00e7u selon un principe simple et efficace :<\/p>\n\n\n\n<p>une construction sans sarking, privil\u00e9giant une approche technique ma\u00eetris\u00e9e et adapt\u00e9e au projet.<\/p>\n\n\n\n<p>Cette sobri\u00e9t\u00e9 constructive met en valeur :<\/p>\n\n\n\n<ul class=\"wp-block-list\">\n<li>La pr\u00e9cision des assemblages bois<\/li>\n\n\n\n<li>La qualit\u00e9 de mise en \u0153uvre<\/li>\n\n\n\n<li>Le savoir-faire artisanal de nos \u00e9quipes<\/li>\n<\/ul>\n\n\n\n<h2 class=\"wp-block-heading\"><strong>Un projet coordonn\u00e9 en montagne<\/strong><\/h2>\n\n\n\n<p>Ce chantier a \u00e9t\u00e9 r\u00e9alis\u00e9 en collaboration avec :<\/p>\n\n\n\n<ul class=\"wp-block-list\">\n<li><strong>Ma\u00eetrise d\u2019\u0153uvre : Alexis de Pompignan \u2013 Coordin\u2019Alpes<\/strong><\/li>\n\n\n\n<li><strong>Architecte : MS Architecture<\/strong><\/li>\n<\/ul>\n\n\n\n<p>La coordination entre ma\u00eetrise d\u2019\u0153uvre, architecte et \u00e9quipes chantier a \u00e9t\u00e9 essentielle pour mener \u00e0 bien ce projet dans un contexte climatique et logistique sp\u00e9cifique \u00e0 la montagne.<\/p>\n\n\n\n<h2 class=\"wp-block-heading\"><strong>Les Charpentiers d\u2019Aujourd\u2019hui : sp\u00e9cialistes de la construction bois en montagne<\/strong><\/h2>\n\n\n\n<p>\u00c0 travers ce chantier aux C\u00e9zares, Les Charpentiers d\u2019Aujourd\u2019hui confirment leur expertise en :<\/p>\n\n\n\n<ul class=\"wp-block-list\">\n<li>Construction de chalet bois<\/li>\n\n\n\n<li>Charpente traditionnelle et lamell\u00e9-coll\u00e9<\/li>\n\n\n\n<li>Bardage m\u00e9l\u00e8ze<\/li>\n\n\n\n<li>Ouvrages ext\u00e9rieurs bois (balcons, garde-corps)<\/li>\n\n\n\n<li>Projets en environnement montagnard<\/li>\n<\/ul>\n\n\n\n<p>Construire en montagne exige anticipation, pr\u00e9cision et ma\u00eetrise des mat\u00e9riaux.<\/p>\n\n\n\n<p>C\u2019est cette exigence que nous mettons au service de chaque projet.<\/p>\n","protected":false},"excerpt":{"rendered":"<p>Les \u00e9quipes des Charpentiers d\u2019Aujourd\u2019hui ont r\u00e9cemment termin\u00e9 la construction d&rsquo;un chalet en montagne destin\u00e9 \u00e0 l\u2019h\u00e9bergement saisonnier. Un chantier men\u00e9 au rythme des saisons, de l\u2019hiver \u00e0 l\u2019\u00e9t\u00e9, dans un environnement montagnard exigeant o\u00f9 chaque \u00e9tape doit \u00eatre anticip\u00e9e avec pr\u00e9cision. Ce projet illustre notre savoir-faire en construction de chalet en bois, en combinant [&hellip;]<\/p>\n","protected":false},"author":4,"featured_media":1540,"comment_status":"open","ping_status":"open","sticky":false,"template":"","format":"standard","meta":{"footnotes":""},"categories":[27],"tags":[],"class_list":["post-1529","post","type-post","status-publish","format-standard","has-post-thumbnail","hentry","category-realisations"],"yoast_head":"<!-- This site is optimized with the Yoast SEO plugin v27.5 - https:\/\/yoast.com\/product\/yoast-seo-wordpress\/ -->\n<title>Construction d\u2019un chalet en montagne<\/title>\n<meta name=\"description\" content=\"Les \u00e9quipes des Charpentiers d\u2019Aujourd\u2019hui ont r\u00e9cemment termin\u00e9 la construction d&#039;un chalet en montagne destin\u00e9 \u00e0 l\u2019h\u00e9bergement saisonnier\" \/>\n<meta name=\"robots\" content=\"index, follow, max-snippet:-1, max-image-preview:large, max-video-preview:-1\" \/>\n<link rel=\"canonical\" href=\"https:\/\/groupehenrigermain.fr\/lca\/construction-chalet-montagne\/\" \/>\n<meta property=\"og:locale\" content=\"fr_FR\" \/>\n<meta property=\"og:type\" content=\"article\" \/>\n<meta property=\"og:title\" content=\"Construction d\u2019un chalet en montagne\" \/>\n<meta property=\"og:description\" content=\"Les \u00e9quipes des Charpentiers d\u2019Aujourd\u2019hui ont r\u00e9cemment termin\u00e9 la construction d&#039;un chalet en montagne destin\u00e9 \u00e0 l\u2019h\u00e9bergement saisonnier\" \/>\n<meta property=\"og:url\" content=\"https:\/\/groupehenrigermain.fr\/lca\/construction-chalet-montagne\/\" \/>\n<meta property=\"og:site_name\" content=\"Les Charpentiers d&#039;Aujourd&#039;hui\" \/>\n<meta property=\"article:published_time\" content=\"2026-02-24T15:12:11+00:00\" \/>\n<meta property=\"article:modified_time\" content=\"2026-03-27T09:44:06+00:00\" \/>\n<meta property=\"og:image\" content=\"https:\/\/groupehenrigermain.fr\/lca\/wp-content\/uploads\/sites\/2\/2026\/02\/groupe_henri_germain-cezare.jpg\" \/>\n\t<meta property=\"og:image:width\" content=\"800\" \/>\n\t<meta property=\"og:image:height\" content=\"599\" \/>\n\t<meta property=\"og:image:type\" content=\"image\/jpeg\" \/>\n<meta name=\"author\" content=\"marinespi\" \/>\n<meta name=\"twitter:card\" content=\"summary_large_image\" \/>\n<meta name=\"twitter:label1\" content=\"\u00c9crit par\" \/>\n\t<meta name=\"twitter:data1\" content=\"marinespi\" \/>\n\t<meta name=\"twitter:label2\" content=\"Dur\u00e9e de lecture estim\u00e9e\" \/>\n\t<meta name=\"twitter:data2\" content=\"3 minutes\" \/>\n<script type=\"application\/ld+json\" class=\"yoast-schema-graph\">{\"@context\":\"https:\\\/\\\/schema.org\",\"@graph\":[{\"@type\":\"Article\",\"@id\":\"https:\\\/\\\/groupehenrigermain.fr\\\/lca\\\/construction-chalet-montagne\\\/#article\",\"isPartOf\":{\"@id\":\"https:\\\/\\\/groupehenrigermain.fr\\\/lca\\\/construction-chalet-montagne\\\/\"},\"author\":{\"name\":\"marinespi\",\"@id\":\"https:\\\/\\\/groupehenrigermain.fr\\\/lca\\\/#\\\/schema\\\/person\\\/61ab3e56100d87f0e884efda57655ed9\"},\"headline\":\"Construction d\u2019un chalet en montagne \u2013 Les C\u00e9zares\",\"datePublished\":\"2026-02-24T15:12:11+00:00\",\"dateModified\":\"2026-03-27T09:44:06+00:00\",\"mainEntityOfPage\":{\"@id\":\"https:\\\/\\\/groupehenrigermain.fr\\\/lca\\\/construction-chalet-montagne\\\/\"},\"wordCount\":511,\"commentCount\":0,\"publisher\":{\"@id\":\"https:\\\/\\\/groupehenrigermain.fr\\\/lca\\\/#organization\"},\"image\":{\"@id\":\"https:\\\/\\\/groupehenrigermain.fr\\\/lca\\\/construction-chalet-montagne\\\/#primaryimage\"},\"thumbnailUrl\":\"https:\\\/\\\/groupehenrigermain.fr\\\/lca\\\/wp-content\\\/uploads\\\/sites\\\/2\\\/2026\\\/02\\\/groupe_henri_germain-cezare.jpg\",\"articleSection\":[\"R\u00e9alisations\"],\"inLanguage\":\"fr-FR\",\"potentialAction\":[{\"@type\":\"CommentAction\",\"name\":\"Comment\",\"target\":[\"https:\\\/\\\/groupehenrigermain.fr\\\/lca\\\/construction-chalet-montagne\\\/#respond\"]}]},{\"@type\":\"WebPage\",\"@id\":\"https:\\\/\\\/groupehenrigermain.fr\\\/lca\\\/construction-chalet-montagne\\\/\",\"url\":\"https:\\\/\\\/groupehenrigermain.fr\\\/lca\\\/construction-chalet-montagne\\\/\",\"name\":\"Construction d\u2019un chalet en montagne\",\"isPartOf\":{\"@id\":\"https:\\\/\\\/groupehenrigermain.fr\\\/lca\\\/#website\"},\"primaryImageOfPage\":{\"@id\":\"https:\\\/\\\/groupehenrigermain.fr\\\/lca\\\/construction-chalet-montagne\\\/#primaryimage\"},\"image\":{\"@id\":\"https:\\\/\\\/groupehenrigermain.fr\\\/lca\\\/construction-chalet-montagne\\\/#primaryimage\"},\"thumbnailUrl\":\"https:\\\/\\\/groupehenrigermain.fr\\\/lca\\\/wp-content\\\/uploads\\\/sites\\\/2\\\/2026\\\/02\\\/groupe_henri_germain-cezare.jpg\",\"datePublished\":\"2026-02-24T15:12:11+00:00\",\"dateModified\":\"2026-03-27T09:44:06+00:00\",\"description\":\"Les \u00e9quipes des Charpentiers d\u2019Aujourd\u2019hui ont r\u00e9cemment termin\u00e9 la construction d'un chalet en montagne destin\u00e9 \u00e0 l\u2019h\u00e9bergement saisonnier\",\"breadcrumb\":{\"@id\":\"https:\\\/\\\/groupehenrigermain.fr\\\/lca\\\/construction-chalet-montagne\\\/#breadcrumb\"},\"inLanguage\":\"fr-FR\",\"potentialAction\":[{\"@type\":\"ReadAction\",\"target\":[\"https:\\\/\\\/groupehenrigermain.fr\\\/lca\\\/construction-chalet-montagne\\\/\"]}]},{\"@type\":\"ImageObject\",\"inLanguage\":\"fr-FR\",\"@id\":\"https:\\\/\\\/groupehenrigermain.fr\\\/lca\\\/construction-chalet-montagne\\\/#primaryimage\",\"url\":\"https:\\\/\\\/groupehenrigermain.fr\\\/lca\\\/wp-content\\\/uploads\\\/sites\\\/2\\\/2026\\\/02\\\/groupe_henri_germain-cezare.jpg\",\"contentUrl\":\"https:\\\/\\\/groupehenrigermain.fr\\\/lca\\\/wp-content\\\/uploads\\\/sites\\\/2\\\/2026\\\/02\\\/groupe_henri_germain-cezare.jpg\",\"width\":800,\"height\":599,\"caption\":\"default\"},{\"@type\":\"BreadcrumbList\",\"@id\":\"https:\\\/\\\/groupehenrigermain.fr\\\/lca\\\/construction-chalet-montagne\\\/#breadcrumb\",\"itemListElement\":[{\"@type\":\"ListItem\",\"position\":1,\"name\":\"Accueil\",\"item\":\"https:\\\/\\\/groupehenrigermain.fr\\\/lca\\\/\"},{\"@type\":\"ListItem\",\"position\":2,\"name\":\"Construction d\u2019un chalet en montagne \u2013 Les C\u00e9zares\"}]},{\"@type\":\"WebSite\",\"@id\":\"https:\\\/\\\/groupehenrigermain.fr\\\/lca\\\/#website\",\"url\":\"https:\\\/\\\/groupehenrigermain.fr\\\/lca\\\/\",\"name\":\"Les Charpentiers d&#039;Aujourd&#039;hui\",\"description\":\"\",\"publisher\":{\"@id\":\"https:\\\/\\\/groupehenrigermain.fr\\\/lca\\\/#organization\"},\"potentialAction\":[{\"@type\":\"SearchAction\",\"target\":{\"@type\":\"EntryPoint\",\"urlTemplate\":\"https:\\\/\\\/groupehenrigermain.fr\\\/lca\\\/?s={search_term_string}\"},\"query-input\":{\"@type\":\"PropertyValueSpecification\",\"valueRequired\":true,\"valueName\":\"search_term_string\"}}],\"inLanguage\":\"fr-FR\"},{\"@type\":\"Organization\",\"@id\":\"https:\\\/\\\/groupehenrigermain.fr\\\/lca\\\/#organization\",\"name\":\"Les Charpentiers d&#039;Aujourd&#039;hui\",\"url\":\"https:\\\/\\\/groupehenrigermain.fr\\\/lca\\\/\",\"logo\":{\"@type\":\"ImageObject\",\"inLanguage\":\"fr-FR\",\"@id\":\"https:\\\/\\\/groupehenrigermain.fr\\\/lca\\\/#\\\/schema\\\/logo\\\/image\\\/\",\"url\":\"https:\\\/\\\/groupehenrigermain.fr\\\/lca\\\/wp-content\\\/uploads\\\/sites\\\/2\\\/2024\\\/08\\\/Fichier-2.webp\",\"contentUrl\":\"https:\\\/\\\/groupehenrigermain.fr\\\/lca\\\/wp-content\\\/uploads\\\/sites\\\/2\\\/2024\\\/08\\\/Fichier-2.webp\",\"width\":985,\"height\":985,\"caption\":\"Les Charpentiers d&#039;Aujourd&#039;hui\"},\"image\":{\"@id\":\"https:\\\/\\\/groupehenrigermain.fr\\\/lca\\\/#\\\/schema\\\/logo\\\/image\\\/\"}},{\"@type\":\"Person\",\"@id\":\"https:\\\/\\\/groupehenrigermain.fr\\\/lca\\\/#\\\/schema\\\/person\\\/61ab3e56100d87f0e884efda57655ed9\",\"name\":\"marinespi\",\"image\":{\"@type\":\"ImageObject\",\"inLanguage\":\"fr-FR\",\"@id\":\"https:\\\/\\\/secure.gravatar.com\\\/avatar\\\/3827bf27773c4e6e60a5c044dc88ffec810c109527fe739cb694f983cf599b44?s=96&d=mm&r=g\",\"url\":\"https:\\\/\\\/secure.gravatar.com\\\/avatar\\\/3827bf27773c4e6e60a5c044dc88ffec810c109527fe739cb694f983cf599b44?s=96&d=mm&r=g\",\"contentUrl\":\"https:\\\/\\\/secure.gravatar.com\\\/avatar\\\/3827bf27773c4e6e60a5c044dc88ffec810c109527fe739cb694f983cf599b44?s=96&d=mm&r=g\",\"caption\":\"marinespi\"},\"url\":\"https:\\\/\\\/groupehenrigermain.fr\\\/lca\\\/author\\\/marinespi\\\/\"}]}<\/script>\n<!-- \/ Yoast SEO plugin. -->","yoast_head_json":{"title":"Construction d\u2019un chalet en montagne","description":"Les \u00e9quipes des Charpentiers d\u2019Aujourd\u2019hui ont r\u00e9cemment termin\u00e9 la construction d'un chalet en montagne destin\u00e9 \u00e0 l\u2019h\u00e9bergement saisonnier","robots":{"index":"index","follow":"follow","max-snippet":"max-snippet:-1","max-image-preview":"max-image-preview:large","max-video-preview":"max-video-preview:-1"},"canonical":"https:\/\/groupehenrigermain.fr\/lca\/construction-chalet-montagne\/","og_locale":"fr_FR","og_type":"article","og_title":"Construction d\u2019un chalet en montagne","og_description":"Les \u00e9quipes des Charpentiers d\u2019Aujourd\u2019hui ont r\u00e9cemment termin\u00e9 la construction d'un chalet en montagne destin\u00e9 \u00e0 l\u2019h\u00e9bergement saisonnier","og_url":"https:\/\/groupehenrigermain.fr\/lca\/construction-chalet-montagne\/","og_site_name":"Les Charpentiers d&#039;Aujourd&#039;hui","article_published_time":"2026-02-24T15:12:11+00:00","article_modified_time":"2026-03-27T09:44:06+00:00","og_image":[{"width":800,"height":599,"url":"https:\/\/groupehenrigermain.fr\/lca\/wp-content\/uploads\/sites\/2\/2026\/02\/groupe_henri_germain-cezare.jpg","type":"image\/jpeg"}],"author":"marinespi","twitter_card":"summary_large_image","twitter_misc":{"\u00c9crit par":"marinespi","Dur\u00e9e de lecture estim\u00e9e":"3 minutes"},"schema":{"@context":"https:\/\/schema.org","@graph":[{"@type":"Article","@id":"https:\/\/groupehenrigermain.fr\/lca\/construction-chalet-montagne\/#article","isPartOf":{"@id":"https:\/\/groupehenrigermain.fr\/lca\/construction-chalet-montagne\/"},"author":{"name":"marinespi","@id":"https:\/\/groupehenrigermain.fr\/lca\/#\/schema\/person\/61ab3e56100d87f0e884efda57655ed9"},"headline":"Construction d\u2019un chalet en montagne \u2013 Les C\u00e9zares","datePublished":"2026-02-24T15:12:11+00:00","dateModified":"2026-03-27T09:44:06+00:00","mainEntityOfPage":{"@id":"https:\/\/groupehenrigermain.fr\/lca\/construction-chalet-montagne\/"},"wordCount":511,"commentCount":0,"publisher":{"@id":"https:\/\/groupehenrigermain.fr\/lca\/#organization"},"image":{"@id":"https:\/\/groupehenrigermain.fr\/lca\/construction-chalet-montagne\/#primaryimage"},"thumbnailUrl":"https:\/\/groupehenrigermain.fr\/lca\/wp-content\/uploads\/sites\/2\/2026\/02\/groupe_henri_germain-cezare.jpg","articleSection":["R\u00e9alisations"],"inLanguage":"fr-FR","potentialAction":[{"@type":"CommentAction","name":"Comment","target":["https:\/\/groupehenrigermain.fr\/lca\/construction-chalet-montagne\/#respond"]}]},{"@type":"WebPage","@id":"https:\/\/groupehenrigermain.fr\/lca\/construction-chalet-montagne\/","url":"https:\/\/groupehenrigermain.fr\/lca\/construction-chalet-montagne\/","name":"Construction d\u2019un chalet en montagne","isPartOf":{"@id":"https:\/\/groupehenrigermain.fr\/lca\/#website"},"primaryImageOfPage":{"@id":"https:\/\/groupehenrigermain.fr\/lca\/construction-chalet-montagne\/#primaryimage"},"image":{"@id":"https:\/\/groupehenrigermain.fr\/lca\/construction-chalet-montagne\/#primaryimage"},"thumbnailUrl":"https:\/\/groupehenrigermain.fr\/lca\/wp-content\/uploads\/sites\/2\/2026\/02\/groupe_henri_germain-cezare.jpg","datePublished":"2026-02-24T15:12:11+00:00","dateModified":"2026-03-27T09:44:06+00:00","description":"Les \u00e9quipes des Charpentiers d\u2019Aujourd\u2019hui ont r\u00e9cemment termin\u00e9 la construction d'un chalet en montagne destin\u00e9 \u00e0 l\u2019h\u00e9bergement saisonnier","breadcrumb":{"@id":"https:\/\/groupehenrigermain.fr\/lca\/construction-chalet-montagne\/#breadcrumb"},"inLanguage":"fr-FR","potentialAction":[{"@type":"ReadAction","target":["https:\/\/groupehenrigermain.fr\/lca\/construction-chalet-montagne\/"]}]},{"@type":"ImageObject","inLanguage":"fr-FR","@id":"https:\/\/groupehenrigermain.fr\/lca\/construction-chalet-montagne\/#primaryimage","url":"https:\/\/groupehenrigermain.fr\/lca\/wp-content\/uploads\/sites\/2\/2026\/02\/groupe_henri_germain-cezare.jpg","contentUrl":"https:\/\/groupehenrigermain.fr\/lca\/wp-content\/uploads\/sites\/2\/2026\/02\/groupe_henri_germain-cezare.jpg","width":800,"height":599,"caption":"default"},{"@type":"BreadcrumbList","@id":"https:\/\/groupehenrigermain.fr\/lca\/construction-chalet-montagne\/#breadcrumb","itemListElement":[{"@type":"ListItem","position":1,"name":"Accueil","item":"https:\/\/groupehenrigermain.fr\/lca\/"},{"@type":"ListItem","position":2,"name":"Construction d\u2019un chalet en montagne \u2013 Les C\u00e9zares"}]},{"@type":"WebSite","@id":"https:\/\/groupehenrigermain.fr\/lca\/#website","url":"https:\/\/groupehenrigermain.fr\/lca\/","name":"Les Charpentiers d&#039;Aujourd&#039;hui","description":"","publisher":{"@id":"https:\/\/groupehenrigermain.fr\/lca\/#organization"},"potentialAction":[{"@type":"SearchAction","target":{"@type":"EntryPoint","urlTemplate":"https:\/\/groupehenrigermain.fr\/lca\/?s={search_term_string}"},"query-input":{"@type":"PropertyValueSpecification","valueRequired":true,"valueName":"search_term_string"}}],"inLanguage":"fr-FR"},{"@type":"Organization","@id":"https:\/\/groupehenrigermain.fr\/lca\/#organization","name":"Les Charpentiers d&#039;Aujourd&#039;hui","url":"https:\/\/groupehenrigermain.fr\/lca\/","logo":{"@type":"ImageObject","inLanguage":"fr-FR","@id":"https:\/\/groupehenrigermain.fr\/lca\/#\/schema\/logo\/image\/","url":"https:\/\/groupehenrigermain.fr\/lca\/wp-content\/uploads\/sites\/2\/2024\/08\/Fichier-2.webp","contentUrl":"https:\/\/groupehenrigermain.fr\/lca\/wp-content\/uploads\/sites\/2\/2024\/08\/Fichier-2.webp","width":985,"height":985,"caption":"Les Charpentiers d&#039;Aujourd&#039;hui"},"image":{"@id":"https:\/\/groupehenrigermain.fr\/lca\/#\/schema\/logo\/image\/"}},{"@type":"Person","@id":"https:\/\/groupehenrigermain.fr\/lca\/#\/schema\/person\/61ab3e56100d87f0e884efda57655ed9","name":"marinespi","image":{"@type":"ImageObject","inLanguage":"fr-FR","@id":"https:\/\/secure.gravatar.com\/avatar\/3827bf27773c4e6e60a5c044dc88ffec810c109527fe739cb694f983cf599b44?s=96&d=mm&r=g","url":"https:\/\/secure.gravatar.com\/avatar\/3827bf27773c4e6e60a5c044dc88ffec810c109527fe739cb694f983cf599b44?s=96&d=mm&r=g","contentUrl":"https:\/\/secure.gravatar.com\/avatar\/3827bf27773c4e6e60a5c044dc88ffec810c109527fe739cb694f983cf599b44?s=96&d=mm&r=g","caption":"marinespi"},"url":"https:\/\/groupehenrigermain.fr\/lca\/author\/marinespi\/"}]}},"_links":{"self":[{"href":"https:\/\/groupehenrigermain.fr\/lca\/wp-json\/wp\/v2\/posts\/1529","targetHints":{"allow":["GET"]}}],"collection":[{"href":"https:\/\/groupehenrigermain.fr\/lca\/wp-json\/wp\/v2\/posts"}],"about":[{"href":"https:\/\/groupehenrigermain.fr\/lca\/wp-json\/wp\/v2\/types\/post"}],"author":[{"embeddable":true,"href":"https:\/\/groupehenrigermain.fr\/lca\/wp-json\/wp\/v2\/users\/4"}],"replies":[{"embeddable":true,"href":"https:\/\/groupehenrigermain.fr\/lca\/wp-json\/wp\/v2\/comments?post=1529"}],"version-history":[{"count":2,"href":"https:\/\/groupehenrigermain.fr\/lca\/wp-json\/wp\/v2\/posts\/1529\/revisions"}],"predecessor-version":[{"id":1544,"href":"https:\/\/groupehenrigermain.fr\/lca\/wp-json\/wp\/v2\/posts\/1529\/revisions\/1544"}],"wp:featuredmedia":[{"embeddable":true,"href":"https:\/\/groupehenrigermain.fr\/lca\/wp-json\/wp\/v2\/media\/1540"}],"wp:attachment":[{"href":"https:\/\/groupehenrigermain.fr\/lca\/wp-json\/wp\/v2\/media?parent=1529"}],"wp:term":[{"taxonomy":"category","embeddable":true,"href":"https:\/\/groupehenrigermain.fr\/lca\/wp-json\/wp\/v2\/categories?post=1529"},{"taxonomy":"post_tag","embeddable":true,"href":"https:\/\/groupehenrigermain.fr\/lca\/wp-json\/wp\/v2\/tags?post=1529"}],"curies":[{"name":"wp","href":"https:\/\/api.w.org\/{rel}","templated":true}]}}