{"id":443,"date":"2024-10-03T10:51:03","date_gmt":"2024-10-03T08:51:03","guid":{"rendered":"https:\/\/groupehenrigermain.fr\/hg\/?p=443"},"modified":"2025-12-18T11:39:35","modified_gmt":"2025-12-18T10:39:35","slug":"renovation-toiture","status":"publish","type":"post","link":"https:\/\/groupehenrigermain.fr\/hg\/renovation-toiture\/","title":{"rendered":"R\u00e9novation d&rsquo;une toiture \u00e0 Saint-Cyr-au-Mont-D&rsquo;Or"},"content":{"rendered":"\n<h2 class=\"wp-block-heading\">Pouponni\u00e8re \u00e0 Saint-Cyr-au-Mont-d&rsquo;Or<\/h2>\n\n\n\n<p>Nous avons achev\u00e9 un projet portant sur un b\u00e2timent au c\u0153ur de Saint-Cyr-au-Mont-d\u2019Or. Ce chantier a permis de concilier tradition et modernit\u00e9, tout en valorisant notre savoir-faire dans la ma\u00eetrise des techniques de la charpente, de la <a href=\"https:\/\/groupehenrigermain.fr\/hg\/couverture\/\">couverture <\/a>et <a href=\"https:\/\/groupehenrigermain.fr\/hg\/zinguerie\/\">zinguerie<\/a>, alli\u00e9 \u00e0 une r\u00e9flexion sur des am\u00e9nagements paysagers con\u00e7us dans un respect de l\u2019environnement.<\/p>\n\n\n\n<h2 class=\"wp-block-heading\"><strong>Un chantier en ad\u00e9quation avec le patrimoine<\/strong><\/h2>\n\n\n\n<p>Ce projet nous a permis de travailler sur un b\u00e2timent au charme certain mais \u00e0 mettre \u00e0 niveau pour \u00eatre conforme aux normes en mati\u00e8re de s\u00e9curit\u00e9 et d\u2019efficacit\u00e9. Nous nous sommes donn\u00e9 tous les moyens pour r\u00e9aliser un travail d\u2019envergure afin de sauvegarder son authenticit\u00e9 tout en l\u2019amenant vers une meilleure performance.<\/p>\n\n\n\n<h2 class=\"wp-block-heading\"><strong>Voici quelques-unes des \u00e9tapes cl\u00e9s de cette r\u00e9novation :<\/strong><\/h2>\n\n\n\n<p><strong>Refonte compl\u00e8te de la couverture<\/strong>&nbsp;: La pose de nouvelles tuiles m\u00e9caniques a permis de garantir une \u00e9tanch\u00e9it\u00e9 parfaite, tout en \u00e9pousant naturellement le style du b\u00e2timent.<\/p>\n\n\n\n<p><strong>Renouvellement de la structure :<\/strong>&nbsp;La charpente a \u00e9t\u00e9 largement cette fois-ci refaite avec des pi\u00e8ces en sapin trait\u00e9 sur-mesure en fonction de la mesure de chaque \u00e9l\u00e9ment, afin de garantir \u00e0 la toiture une base solide et s\u00e9curis\u00e9e.<\/p>\n\n\n\n<h2 class=\"wp-block-heading\"><strong>Des choix techniques pour l\u2019esth\u00e9tique et la performance<\/strong><\/h2>\n\n\n\n<p>\u00c9galement esth\u00e9tiques, les choix des mat\u00e9riaux ont \u00e9galement vis\u00e9 \u00e0 respecter l\u2019environnement imm\u00e9diat, tels que la couverture \u00e0 joints debout et les goutti\u00e8res en zinc, seule solution pour donner prise \u00e0 un b\u00e2timent en prenant soin de le pr\u00e9server dans son style traditionnel.<\/p>\n\n\n\n<h2 class=\"wp-block-heading\"><strong>Un chantier responsable et respectueux de l\u2019environnement<\/strong><\/h2>\n\n\n\n<p>Le chantier a \u00e9t\u00e9 g\u00e9r\u00e9 de mani\u00e8re responsable, \u00e0 chaque \u00e9tape en conditions de conformit\u00e9 avec les normes environnementales : \u00e9vacuation des gravats et recyclage des mat\u00e9riaux, ainsi que la gestion de tous les aspects de la s\u00e9curit\u00e9.<\/p>\n\n\n\n<h2 class=\"wp-block-heading\"><strong>Une issue qui fait la diff\u00e9rence<\/strong><\/h2>\n\n\n\n<p>Pour finir, cette r\u00e9habilitation a eu pour effet de rendre son \u00e9clat \u00e0 la toiture de la pouponni\u00e8re en lui apportant aussi du renfort. Ce projet d\u00e9montre notre savoir-faire afin d\u2019allier le savoir-faire ancien aux besoins modernes, pour garder l\u2019histoire au c\u0153ur de notre actualit\u00e9 en r\u00e9pondant aux besoins d\u2019aujourd\u2019hui.<\/p>\n\n\n\n<figure class=\"wp-block-gallery has-nested-images columns-default is-cropped wp-block-gallery-1 is-layout-flex wp-block-gallery-is-layout-flex\">\n<figure class=\"wp-block-image size-large\"><img fetchpriority=\"high\" decoding=\"async\" width=\"1024\" height=\"576\" data-id=\"599\" src=\"https:\/\/groupehenrigermain.fr\/hg\/wp-content\/uploads\/sites\/3\/2024\/10\/Henri_germain_Mont-dor-1-1024x576.webp\" alt=\"Vue a\u00e9rienne d'un ch\u00e2teau entour\u00e9 de verdure avec toiture en ardoises.\" class=\"wp-image-599\" srcset=\"https:\/\/groupehenrigermain.fr\/hg\/wp-content\/uploads\/sites\/3\/2024\/10\/Henri_germain_Mont-dor-1-1024x576.webp 1024w, https:\/\/groupehenrigermain.fr\/hg\/wp-content\/uploads\/sites\/3\/2024\/10\/Henri_germain_Mont-dor-1-300x169.webp 300w, https:\/\/groupehenrigermain.fr\/hg\/wp-content\/uploads\/sites\/3\/2024\/10\/Henri_germain_Mont-dor-1-768x432.webp 768w, https:\/\/groupehenrigermain.fr\/hg\/wp-content\/uploads\/sites\/3\/2024\/10\/Henri_germain_Mont-dor-1-1536x864.webp 1536w, https:\/\/groupehenrigermain.fr\/hg\/wp-content\/uploads\/sites\/3\/2024\/10\/Henri_germain_Mont-dor-1-2048x1152.webp 2048w\" sizes=\"(max-width: 1024px) 100vw, 1024px\" \/><\/figure>\n\n\n\n<figure class=\"wp-block-image size-large\"><img decoding=\"async\" width=\"1024\" height=\"576\" data-id=\"600\" src=\"https:\/\/groupehenrigermain.fr\/hg\/wp-content\/uploads\/sites\/3\/2024\/10\/Henri_germain_Mont-dor-2-1024x576.webp\" alt=\"D\u00f4me en ardoises du ch\u00e2teau avec une vue panoramique sur la vall\u00e9e environnante.\" class=\"wp-image-600\" srcset=\"https:\/\/groupehenrigermain.fr\/hg\/wp-content\/uploads\/sites\/3\/2024\/10\/Henri_germain_Mont-dor-2-1024x576.webp 1024w, https:\/\/groupehenrigermain.fr\/hg\/wp-content\/uploads\/sites\/3\/2024\/10\/Henri_germain_Mont-dor-2-300x169.webp 300w, https:\/\/groupehenrigermain.fr\/hg\/wp-content\/uploads\/sites\/3\/2024\/10\/Henri_germain_Mont-dor-2-768x432.webp 768w, https:\/\/groupehenrigermain.fr\/hg\/wp-content\/uploads\/sites\/3\/2024\/10\/Henri_germain_Mont-dor-2-1536x864.webp 1536w, https:\/\/groupehenrigermain.fr\/hg\/wp-content\/uploads\/sites\/3\/2024\/10\/Henri_germain_Mont-dor-2-2048x1152.webp 2048w\" sizes=\"(max-width: 1024px) 100vw, 1024px\" \/><\/figure>\n\n\n\n<figure class=\"wp-block-image size-large\"><img decoding=\"async\" width=\"1024\" height=\"576\" data-id=\"601\" src=\"https:\/\/groupehenrigermain.fr\/hg\/wp-content\/uploads\/sites\/3\/2024\/10\/Henri_germain_Mont-dor-3-1024x576.webp\" alt=\"Vue a\u00e9rienne de la toiture en damier du ch\u00e2teau avec un jardin r\u00e9am\u00e9nag\u00e9.\" class=\"wp-image-601\" srcset=\"https:\/\/groupehenrigermain.fr\/hg\/wp-content\/uploads\/sites\/3\/2024\/10\/Henri_germain_Mont-dor-3-1024x576.webp 1024w, https:\/\/groupehenrigermain.fr\/hg\/wp-content\/uploads\/sites\/3\/2024\/10\/Henri_germain_Mont-dor-3-300x169.webp 300w, https:\/\/groupehenrigermain.fr\/hg\/wp-content\/uploads\/sites\/3\/2024\/10\/Henri_germain_Mont-dor-3-768x432.webp 768w, https:\/\/groupehenrigermain.fr\/hg\/wp-content\/uploads\/sites\/3\/2024\/10\/Henri_germain_Mont-dor-3-1536x864.webp 1536w, https:\/\/groupehenrigermain.fr\/hg\/wp-content\/uploads\/sites\/3\/2024\/10\/Henri_germain_Mont-dor-3-2048x1152.webp 2048w\" sizes=\"(max-width: 1024px) 100vw, 1024px\" \/><\/figure>\n<\/figure>\n\n\n\n<p><\/p>\n","protected":false},"excerpt":{"rendered":"<p>Pouponni\u00e8re \u00e0 Saint-Cyr-au-Mont-d&rsquo;Or Nous avons achev\u00e9 un projet portant sur un b\u00e2timent au c\u0153ur de Saint-Cyr-au-Mont-d\u2019Or. Ce chantier a permis de concilier tradition et modernit\u00e9, tout en valorisant notre savoir-faire dans la ma\u00eetrise des techniques de la charpente, de la couverture et zinguerie, alli\u00e9 \u00e0 une r\u00e9flexion sur des am\u00e9nagements paysagers con\u00e7us dans un respect [&hellip;]<\/p>\n","protected":false},"author":1,"featured_media":1186,"comment_status":"closed","ping_status":"closed","sticky":false,"template":"","format":"standard","meta":{"footnotes":""},"categories":[8],"tags":[],"class_list":["post-443","post","type-post","status-publish","format-standard","has-post-thumbnail","hentry","category-realisations"],"yoast_head":"<!-- This site is optimized with the Yoast SEO plugin v27.5 - https:\/\/yoast.com\/product\/yoast-seo-wordpress\/ -->\n<title>R\u00e9novation d&#039;une toiture \u00e0 Saint-Cyr-au-Mont-D&#039;Or - Henri Germain<\/title>\n<meta name=\"description\" content=\"Ce chantier, qui combinait tradition et modernit\u00e9, a permis de mettre en valeur notre savoir-faire en charpente, couverture et zinguerie.\" \/>\n<meta name=\"robots\" content=\"index, follow, max-snippet:-1, max-image-preview:large, max-video-preview:-1\" \/>\n<link rel=\"canonical\" href=\"https:\/\/groupehenrigermain.fr\/hg\/renovation-toiture\/\" \/>\n<meta property=\"og:locale\" content=\"fr_FR\" \/>\n<meta property=\"og:type\" content=\"article\" \/>\n<meta property=\"og:title\" content=\"R\u00e9novation d&#039;une toiture \u00e0 Saint-Cyr-au-Mont-D&#039;Or - Henri Germain\" \/>\n<meta property=\"og:description\" content=\"Ce chantier, qui combinait tradition et modernit\u00e9, a permis de mettre en valeur notre savoir-faire en charpente, couverture et zinguerie.\" \/>\n<meta property=\"og:url\" content=\"https:\/\/groupehenrigermain.fr\/hg\/renovation-toiture\/\" \/>\n<meta property=\"og:site_name\" content=\"Henri Germain\" \/>\n<meta property=\"article:published_time\" content=\"2024-10-03T08:51:03+00:00\" \/>\n<meta property=\"article:modified_time\" content=\"2025-12-18T10:39:35+00:00\" \/>\n<meta property=\"og:image\" content=\"https:\/\/groupehenrigermain.fr\/hg\/wp-content\/uploads\/sites\/3\/2024\/10\/Henri_Germain_St_Cyr-scaled-e1734598114988.webp\" \/>\n\t<meta property=\"og:image:width\" content=\"1677\" \/>\n\t<meta property=\"og:image:height\" content=\"678\" \/>\n\t<meta property=\"og:image:type\" content=\"image\/webp\" \/>\n<meta name=\"author\" content=\"picturesxtom@gmail.com\" \/>\n<meta name=\"twitter:card\" content=\"summary_large_image\" \/>\n<meta name=\"twitter:label1\" content=\"\u00c9crit par\" \/>\n\t<meta name=\"twitter:data1\" content=\"picturesxtom@gmail.com\" \/>\n\t<meta name=\"twitter:label2\" content=\"Dur\u00e9e de lecture estim\u00e9e\" \/>\n\t<meta name=\"twitter:data2\" content=\"3 minutes\" \/>\n<script type=\"application\/ld+json\" class=\"yoast-schema-graph\">{\"@context\":\"https:\\\/\\\/schema.org\",\"@graph\":[{\"@type\":\"Article\",\"@id\":\"https:\\\/\\\/groupehenrigermain.fr\\\/hg\\\/renovation-toiture\\\/#article\",\"isPartOf\":{\"@id\":\"https:\\\/\\\/groupehenrigermain.fr\\\/hg\\\/renovation-toiture\\\/\"},\"author\":{\"name\":\"picturesxtom@gmail.com\",\"@id\":\"https:\\\/\\\/groupehenrigermain.fr\\\/hg\\\/#\\\/schema\\\/person\\\/b24916e502e96cb4a2807af3db8f0221\"},\"headline\":\"R\u00e9novation d&rsquo;une toiture \u00e0 Saint-Cyr-au-Mont-D&rsquo;Or\",\"datePublished\":\"2024-10-03T08:51:03+00:00\",\"dateModified\":\"2025-12-18T10:39:35+00:00\",\"mainEntityOfPage\":{\"@id\":\"https:\\\/\\\/groupehenrigermain.fr\\\/hg\\\/renovation-toiture\\\/\"},\"wordCount\":391,\"publisher\":{\"@id\":\"https:\\\/\\\/groupehenrigermain.fr\\\/hg\\\/#organization\"},\"image\":{\"@id\":\"https:\\\/\\\/groupehenrigermain.fr\\\/hg\\\/renovation-toiture\\\/#primaryimage\"},\"thumbnailUrl\":\"https:\\\/\\\/groupehenrigermain.fr\\\/hg\\\/wp-content\\\/uploads\\\/sites\\\/3\\\/2024\\\/10\\\/Henri_Germain_St_Cyr-scaled-e1734598114988.webp\",\"articleSection\":[\"r\u00e9alisations\"],\"inLanguage\":\"fr-FR\"},{\"@type\":\"WebPage\",\"@id\":\"https:\\\/\\\/groupehenrigermain.fr\\\/hg\\\/renovation-toiture\\\/\",\"url\":\"https:\\\/\\\/groupehenrigermain.fr\\\/hg\\\/renovation-toiture\\\/\",\"name\":\"R\u00e9novation d'une toiture \u00e0 Saint-Cyr-au-Mont-D'Or - Henri Germain\",\"isPartOf\":{\"@id\":\"https:\\\/\\\/groupehenrigermain.fr\\\/hg\\\/#website\"},\"primaryImageOfPage\":{\"@id\":\"https:\\\/\\\/groupehenrigermain.fr\\\/hg\\\/renovation-toiture\\\/#primaryimage\"},\"image\":{\"@id\":\"https:\\\/\\\/groupehenrigermain.fr\\\/hg\\\/renovation-toiture\\\/#primaryimage\"},\"thumbnailUrl\":\"https:\\\/\\\/groupehenrigermain.fr\\\/hg\\\/wp-content\\\/uploads\\\/sites\\\/3\\\/2024\\\/10\\\/Henri_Germain_St_Cyr-scaled-e1734598114988.webp\",\"datePublished\":\"2024-10-03T08:51:03+00:00\",\"dateModified\":\"2025-12-18T10:39:35+00:00\",\"description\":\"Ce chantier, qui combinait tradition et modernit\u00e9, a permis de mettre en valeur notre savoir-faire en charpente, couverture et zinguerie.\",\"breadcrumb\":{\"@id\":\"https:\\\/\\\/groupehenrigermain.fr\\\/hg\\\/renovation-toiture\\\/#breadcrumb\"},\"inLanguage\":\"fr-FR\",\"potentialAction\":[{\"@type\":\"ReadAction\",\"target\":[\"https:\\\/\\\/groupehenrigermain.fr\\\/hg\\\/renovation-toiture\\\/\"]}]},{\"@type\":\"ImageObject\",\"inLanguage\":\"fr-FR\",\"@id\":\"https:\\\/\\\/groupehenrigermain.fr\\\/hg\\\/renovation-toiture\\\/#primaryimage\",\"url\":\"https:\\\/\\\/groupehenrigermain.fr\\\/hg\\\/wp-content\\\/uploads\\\/sites\\\/3\\\/2024\\\/10\\\/Henri_Germain_St_Cyr-scaled-e1734598114988.webp\",\"contentUrl\":\"https:\\\/\\\/groupehenrigermain.fr\\\/hg\\\/wp-content\\\/uploads\\\/sites\\\/3\\\/2024\\\/10\\\/Henri_Germain_St_Cyr-scaled-e1734598114988.webp\",\"width\":1677,\"height\":678,\"caption\":\"Cette toiture unique et minutieusement restaur\u00e9e sublime ce b\u00e2timent historique\"},{\"@type\":\"BreadcrumbList\",\"@id\":\"https:\\\/\\\/groupehenrigermain.fr\\\/hg\\\/renovation-toiture\\\/#breadcrumb\",\"itemListElement\":[{\"@type\":\"ListItem\",\"position\":1,\"name\":\"Accueil\",\"item\":\"https:\\\/\\\/groupehenrigermain.fr\\\/hg\\\/\"},{\"@type\":\"ListItem\",\"position\":2,\"name\":\"R\u00e9novation d&rsquo;une toiture \u00e0 Saint-Cyr-au-Mont-D&rsquo;Or\"}]},{\"@type\":\"WebSite\",\"@id\":\"https:\\\/\\\/groupehenrigermain.fr\\\/hg\\\/#website\",\"url\":\"https:\\\/\\\/groupehenrigermain.fr\\\/hg\\\/\",\"name\":\"Henri Germain\",\"description\":\"\",\"publisher\":{\"@id\":\"https:\\\/\\\/groupehenrigermain.fr\\\/hg\\\/#organization\"},\"potentialAction\":[{\"@type\":\"SearchAction\",\"target\":{\"@type\":\"EntryPoint\",\"urlTemplate\":\"https:\\\/\\\/groupehenrigermain.fr\\\/hg\\\/?s={search_term_string}\"},\"query-input\":{\"@type\":\"PropertyValueSpecification\",\"valueRequired\":true,\"valueName\":\"search_term_string\"}}],\"inLanguage\":\"fr-FR\"},{\"@type\":\"Organization\",\"@id\":\"https:\\\/\\\/groupehenrigermain.fr\\\/hg\\\/#organization\",\"name\":\"Henri Germain\",\"url\":\"https:\\\/\\\/groupehenrigermain.fr\\\/hg\\\/\",\"logo\":{\"@type\":\"ImageObject\",\"inLanguage\":\"fr-FR\",\"@id\":\"https:\\\/\\\/groupehenrigermain.fr\\\/hg\\\/#\\\/schema\\\/logo\\\/image\\\/\",\"url\":\"https:\\\/\\\/groupehenrigermain.fr\\\/hg\\\/wp-content\\\/uploads\\\/sites\\\/3\\\/2024\\\/08\\\/Fichier-1.webp\",\"contentUrl\":\"https:\\\/\\\/groupehenrigermain.fr\\\/hg\\\/wp-content\\\/uploads\\\/sites\\\/3\\\/2024\\\/08\\\/Fichier-1.webp\",\"width\":985,\"height\":984,\"caption\":\"Henri Germain\"},\"image\":{\"@id\":\"https:\\\/\\\/groupehenrigermain.fr\\\/hg\\\/#\\\/schema\\\/logo\\\/image\\\/\"}},{\"@type\":\"Person\",\"@id\":\"https:\\\/\\\/groupehenrigermain.fr\\\/hg\\\/#\\\/schema\\\/person\\\/b24916e502e96cb4a2807af3db8f0221\",\"name\":\"picturesxtom@gmail.com\",\"sameAs\":[\"https:\\\/\\\/groupehenrigermain.fr\"],\"url\":\"https:\\\/\\\/groupehenrigermain.fr\\\/hg\\\/author\\\/picturesxtomgmail-com\\\/\"}]}<\/script>\n<!-- \/ Yoast SEO plugin. -->","yoast_head_json":{"title":"R\u00e9novation d'une toiture \u00e0 Saint-Cyr-au-Mont-D'Or - Henri Germain","description":"Ce chantier, qui combinait tradition et modernit\u00e9, a permis de mettre en valeur notre savoir-faire en charpente, couverture et zinguerie.","robots":{"index":"index","follow":"follow","max-snippet":"max-snippet:-1","max-image-preview":"max-image-preview:large","max-video-preview":"max-video-preview:-1"},"canonical":"https:\/\/groupehenrigermain.fr\/hg\/renovation-toiture\/","og_locale":"fr_FR","og_type":"article","og_title":"R\u00e9novation d'une toiture \u00e0 Saint-Cyr-au-Mont-D'Or - Henri Germain","og_description":"Ce chantier, qui combinait tradition et modernit\u00e9, a permis de mettre en valeur notre savoir-faire en charpente, couverture et zinguerie.","og_url":"https:\/\/groupehenrigermain.fr\/hg\/renovation-toiture\/","og_site_name":"Henri Germain","article_published_time":"2024-10-03T08:51:03+00:00","article_modified_time":"2025-12-18T10:39:35+00:00","og_image":[{"width":1677,"height":678,"url":"https:\/\/groupehenrigermain.fr\/hg\/wp-content\/uploads\/sites\/3\/2024\/10\/Henri_Germain_St_Cyr-scaled-e1734598114988.webp","type":"image\/webp"}],"author":"picturesxtom@gmail.com","twitter_card":"summary_large_image","twitter_misc":{"\u00c9crit par":"picturesxtom@gmail.com","Dur\u00e9e de lecture estim\u00e9e":"3 minutes"},"schema":{"@context":"https:\/\/schema.org","@graph":[{"@type":"Article","@id":"https:\/\/groupehenrigermain.fr\/hg\/renovation-toiture\/#article","isPartOf":{"@id":"https:\/\/groupehenrigermain.fr\/hg\/renovation-toiture\/"},"author":{"name":"picturesxtom@gmail.com","@id":"https:\/\/groupehenrigermain.fr\/hg\/#\/schema\/person\/b24916e502e96cb4a2807af3db8f0221"},"headline":"R\u00e9novation d&rsquo;une toiture \u00e0 Saint-Cyr-au-Mont-D&rsquo;Or","datePublished":"2024-10-03T08:51:03+00:00","dateModified":"2025-12-18T10:39:35+00:00","mainEntityOfPage":{"@id":"https:\/\/groupehenrigermain.fr\/hg\/renovation-toiture\/"},"wordCount":391,"publisher":{"@id":"https:\/\/groupehenrigermain.fr\/hg\/#organization"},"image":{"@id":"https:\/\/groupehenrigermain.fr\/hg\/renovation-toiture\/#primaryimage"},"thumbnailUrl":"https:\/\/groupehenrigermain.fr\/hg\/wp-content\/uploads\/sites\/3\/2024\/10\/Henri_Germain_St_Cyr-scaled-e1734598114988.webp","articleSection":["r\u00e9alisations"],"inLanguage":"fr-FR"},{"@type":"WebPage","@id":"https:\/\/groupehenrigermain.fr\/hg\/renovation-toiture\/","url":"https:\/\/groupehenrigermain.fr\/hg\/renovation-toiture\/","name":"R\u00e9novation d'une toiture \u00e0 Saint-Cyr-au-Mont-D'Or - Henri Germain","isPartOf":{"@id":"https:\/\/groupehenrigermain.fr\/hg\/#website"},"primaryImageOfPage":{"@id":"https:\/\/groupehenrigermain.fr\/hg\/renovation-toiture\/#primaryimage"},"image":{"@id":"https:\/\/groupehenrigermain.fr\/hg\/renovation-toiture\/#primaryimage"},"thumbnailUrl":"https:\/\/groupehenrigermain.fr\/hg\/wp-content\/uploads\/sites\/3\/2024\/10\/Henri_Germain_St_Cyr-scaled-e1734598114988.webp","datePublished":"2024-10-03T08:51:03+00:00","dateModified":"2025-12-18T10:39:35+00:00","description":"Ce chantier, qui combinait tradition et modernit\u00e9, a permis de mettre en valeur notre savoir-faire en charpente, couverture et zinguerie.","breadcrumb":{"@id":"https:\/\/groupehenrigermain.fr\/hg\/renovation-toiture\/#breadcrumb"},"inLanguage":"fr-FR","potentialAction":[{"@type":"ReadAction","target":["https:\/\/groupehenrigermain.fr\/hg\/renovation-toiture\/"]}]},{"@type":"ImageObject","inLanguage":"fr-FR","@id":"https:\/\/groupehenrigermain.fr\/hg\/renovation-toiture\/#primaryimage","url":"https:\/\/groupehenrigermain.fr\/hg\/wp-content\/uploads\/sites\/3\/2024\/10\/Henri_Germain_St_Cyr-scaled-e1734598114988.webp","contentUrl":"https:\/\/groupehenrigermain.fr\/hg\/wp-content\/uploads\/sites\/3\/2024\/10\/Henri_Germain_St_Cyr-scaled-e1734598114988.webp","width":1677,"height":678,"caption":"Cette toiture unique et minutieusement restaur\u00e9e sublime ce b\u00e2timent historique"},{"@type":"BreadcrumbList","@id":"https:\/\/groupehenrigermain.fr\/hg\/renovation-toiture\/#breadcrumb","itemListElement":[{"@type":"ListItem","position":1,"name":"Accueil","item":"https:\/\/groupehenrigermain.fr\/hg\/"},{"@type":"ListItem","position":2,"name":"R\u00e9novation d&rsquo;une toiture \u00e0 Saint-Cyr-au-Mont-D&rsquo;Or"}]},{"@type":"WebSite","@id":"https:\/\/groupehenrigermain.fr\/hg\/#website","url":"https:\/\/groupehenrigermain.fr\/hg\/","name":"Henri Germain","description":"","publisher":{"@id":"https:\/\/groupehenrigermain.fr\/hg\/#organization"},"potentialAction":[{"@type":"SearchAction","target":{"@type":"EntryPoint","urlTemplate":"https:\/\/groupehenrigermain.fr\/hg\/?s={search_term_string}"},"query-input":{"@type":"PropertyValueSpecification","valueRequired":true,"valueName":"search_term_string"}}],"inLanguage":"fr-FR"},{"@type":"Organization","@id":"https:\/\/groupehenrigermain.fr\/hg\/#organization","name":"Henri Germain","url":"https:\/\/groupehenrigermain.fr\/hg\/","logo":{"@type":"ImageObject","inLanguage":"fr-FR","@id":"https:\/\/groupehenrigermain.fr\/hg\/#\/schema\/logo\/image\/","url":"https:\/\/groupehenrigermain.fr\/hg\/wp-content\/uploads\/sites\/3\/2024\/08\/Fichier-1.webp","contentUrl":"https:\/\/groupehenrigermain.fr\/hg\/wp-content\/uploads\/sites\/3\/2024\/08\/Fichier-1.webp","width":985,"height":984,"caption":"Henri Germain"},"image":{"@id":"https:\/\/groupehenrigermain.fr\/hg\/#\/schema\/logo\/image\/"}},{"@type":"Person","@id":"https:\/\/groupehenrigermain.fr\/hg\/#\/schema\/person\/b24916e502e96cb4a2807af3db8f0221","name":"picturesxtom@gmail.com","sameAs":["https:\/\/groupehenrigermain.fr"],"url":"https:\/\/groupehenrigermain.fr\/hg\/author\/picturesxtomgmail-com\/"}]}},"_links":{"self":[{"href":"https:\/\/groupehenrigermain.fr\/hg\/wp-json\/wp\/v2\/posts\/443","targetHints":{"allow":["GET"]}}],"collection":[{"href":"https:\/\/groupehenrigermain.fr\/hg\/wp-json\/wp\/v2\/posts"}],"about":[{"href":"https:\/\/groupehenrigermain.fr\/hg\/wp-json\/wp\/v2\/types\/post"}],"author":[{"embeddable":true,"href":"https:\/\/groupehenrigermain.fr\/hg\/wp-json\/wp\/v2\/users\/1"}],"replies":[{"embeddable":true,"href":"https:\/\/groupehenrigermain.fr\/hg\/wp-json\/wp\/v2\/comments?post=443"}],"version-history":[{"count":14,"href":"https:\/\/groupehenrigermain.fr\/hg\/wp-json\/wp\/v2\/posts\/443\/revisions"}],"predecessor-version":[{"id":1399,"href":"https:\/\/groupehenrigermain.fr\/hg\/wp-json\/wp\/v2\/posts\/443\/revisions\/1399"}],"wp:featuredmedia":[{"embeddable":true,"href":"https:\/\/groupehenrigermain.fr\/hg\/wp-json\/wp\/v2\/media\/1186"}],"wp:attachment":[{"href":"https:\/\/groupehenrigermain.fr\/hg\/wp-json\/wp\/v2\/media?parent=443"}],"wp:term":[{"taxonomy":"category","embeddable":true,"href":"https:\/\/groupehenrigermain.fr\/hg\/wp-json\/wp\/v2\/categories?post=443"},{"taxonomy":"post_tag","embeddable":true,"href":"https:\/\/groupehenrigermain.fr\/hg\/wp-json\/wp\/v2\/tags?post=443"}],"curies":[{"name":"wp","href":"https:\/\/api.w.org\/{rel}","templated":true}]}}